{"id":3266,"date":"2025-08-12T14:13:53","date_gmt":"2025-08-12T13:13:53","guid":{"rendered":"https:\/\/artesaniamantasdelana.com\/?p=3266"},"modified":"2025-10-01T10:41:08","modified_gmt":"2025-10-01T09:41:08","slug":"tapaboques","status":"publish","type":"post","link":"https:\/\/artesaniamantasdelana.com\/ca\/tapaboques\/","title":{"rendered":"TAPABOQUES"},"content":{"rendered":"<p>El tapaboques, tamb\u00e9 conegut com a manta de pastor, \u00e9s una pe\u00e7a ic\u00f2nica de l'Alta Ribagor\u00e7a que encarna la tradici\u00f3, l'abric i l'estil de vida lligat a la muntanya. Era una gran bufanda de llana, rematada amb serrells en els seus extrems, que ha acompanyat durant generacions als pastors del Pirineu en el seu dia a dia, protegint-los del fred, la humitat i els canvis bruscos de temps. La seva versatilitat \u00e9s part de la seva ess\u00e8ncia: recollit sobre les espatlles aporta calidesa sense limitar el moviment, i en cas de mal temps es desplega per complet, cobrint el cos com una capa, embolicant a qui el porta en una protecci\u00f3 c\u00e0lida i efica\u00e7.<\/p>\n\n\n\n<p>Avui, m\u00e9s enll\u00e0 del seu \u00fas tradicional, el tapaboques s'adapta a nous contextos: \u00e9s tamb\u00e9 una manta de sof\u00e0, de viatge o un plaid decoratiu, mantenint la seva ess\u00e8ncia artesanal i la seva calidesa singular.<\/p>\n\n\n\n<p>Tradicionalment confeccionat amb el color natural de la llana d'ovella blanc i negre, totalment natural, sense cap tint, el tapaboques pot presentar-se a ratlles o quadres, en un disseny que ha perdurat a trav\u00e9s dels segles. La seva elaboraci\u00f3 artesanal, transmesa de pares a fills, ho converteix en un producte local amb identitat pr\u00f2pia, que ret homenatge a la hist\u00f2ria pr\u00f2pia de les nostres muntanyes.<\/p>\n\n\n\n<p>\u00c9s, sense cap dubte, la pe\u00e7a m\u00e9s representativa de la nostra F\u00e0brica de Mantes des dels seus inicis, i un dels records m\u00e9s significatius de la comarca. M\u00e9s que un accessori, el tapaboques \u00e9s hist\u00f2ria teixida a m\u00e0: una pe\u00e7a d'abric funcional, profundament lligada al paisatge i a la cultura del Pirineu.<\/p>\n\n\n\n<p>Cada any, a la Fira de la Girella del Pont de Suert, aquest s\u00edmbol del passat i del present cobra nou protagonisme amb la figura del Mayoral dels Pirineus, qui rep, al costat del tradicional ganxo de pastor, un tapaboques que l'acompanyar\u00e0 durant tota la jornada. D'aquesta manera, la manta de pastor torna a ocupar el centre de la vida comunit\u00e0ria, recordant el seu valor com a part del patrimoni cultural i t\u00e8xtil de l'Alta Ribagor\u00e7a.<\/p>","protected":false},"excerpt":{"rendered":"<p>El tapabocas, tambi\u00e9n conocido como manta de pastor, es una prenda ic\u00f3nica de la Alta Ribagor\u00e7a que encarna la tradici\u00f3n, el abrigo y el estilo de vida ligado a la monta\u00f1a. Era una gran bufanda de lana, rematada con flecos en sus extremos, que ha acompa\u00f1ado durante generaciones a los pastores del Pirineo en su [&hellip;]<\/p>\n","protected":false},"author":100,"featured_media":4733,"comment_status":"closed","ping_status":"open","sticky":false,"template":"","format":"standard","meta":{"footnotes":""},"categories":[1],"tags":[],"class_list":["post-3266","post","type-post","status-publish","format-standard","has-post-thumbnail","hentry","category-blog"],"_links":{"self":[{"href":"https:\/\/artesaniamantasdelana.com\/ca\/wp-json\/wp\/v2\/posts\/3266","targetHints":{"allow":["GET"]}}],"collection":[{"href":"https:\/\/artesaniamantasdelana.com\/ca\/wp-json\/wp\/v2\/posts"}],"about":[{"href":"https:\/\/artesaniamantasdelana.com\/ca\/wp-json\/wp\/v2\/types\/post"}],"author":[{"embeddable":true,"href":"https:\/\/artesaniamantasdelana.com\/ca\/wp-json\/wp\/v2\/users\/100"}],"replies":[{"embeddable":true,"href":"https:\/\/artesaniamantasdelana.com\/ca\/wp-json\/wp\/v2\/comments?post=3266"}],"version-history":[{"count":0,"href":"https:\/\/artesaniamantasdelana.com\/ca\/wp-json\/wp\/v2\/posts\/3266\/revisions"}],"wp:featuredmedia":[{"embeddable":true,"href":"https:\/\/artesaniamantasdelana.com\/ca\/wp-json\/wp\/v2\/media\/4733"}],"wp:attachment":[{"href":"https:\/\/artesaniamantasdelana.com\/ca\/wp-json\/wp\/v2\/media?parent=3266"}],"wp:term":[{"taxonomy":"category","embeddable":true,"href":"https:\/\/artesaniamantasdelana.com\/ca\/wp-json\/wp\/v2\/categories?post=3266"},{"taxonomy":"post_tag","embeddable":true,"href":"https:\/\/artesaniamantasdelana.com\/ca\/wp-json\/wp\/v2\/tags?post=3266"}],"curies":[{"name":"wp","href":"https:\/\/api.w.org\/{rel}","templated":true}]}}