{"id":5765,"date":"2025-12-18T10:57:59","date_gmt":"2025-12-18T09:57:59","guid":{"rendered":"https:\/\/artesaniamantasdelana.com\/?p=5765"},"modified":"2025-12-18T10:58:03","modified_gmt":"2025-12-18T09:58:03","slug":"por-que-regalar-una-manta-de-lana-artesanal-regala-confort-y-bienestar","status":"publish","type":"post","link":"https:\/\/artesaniamantasdelana.com\/ca\/por-que-regalar-una-manta-de-lana-artesanal-regala-confort-y-bienestar\/","title":{"rendered":"Per qu\u00e8 regalar una manta de llana artesanal: regala confort i benestar"},"content":{"rendered":"<p id=\"E348\">Escollir un regal especial significa pensar en les emocions que despertar\u00e0 amb el pas del temps. \u00c9s imaginar l\u2019instant en qu\u00e8 alg\u00fa s\u2019hi embolcalla, es relaxa i converteix un moment quotidi\u00e0 en una experi\u00e8ncia de benestar. Hi ha obsequis que romanen en la mem\u00f2ria perqu\u00e8 s\u2019integren en la vida di\u00e0ria i acompanyen els instants de calma a casa.<\/p>\n\n\n\n<p id=\"E350\">Una manta de llana artesanal \u00e9s un d\u2019aquests regals pensats per quedar-se.<\/p>\n\n\n\n<p id=\"E352\"><strong>Un regal que acompanya i crea records<\/strong><\/p>\n\n\n\n<p id=\"E354\">Una manta de llana artesanal destaca per la seva qualitat i durabilitat. Gr\u00e0cies a la resist\u00e8ncia natural de la llana, mant\u00e9 la seva forma, suavitat i bellesa durant anys. A poc a poc, deixa de ser nom\u00e9s un regal per a convertir-se en un element essencial de la llar, present en tardes tranquil\u00b7les, lectures pausades i moments compartits.<\/p>\n\n\n\n<p id=\"E356\"><strong>Confort natural que es sent<\/strong><\/p>\n\n\n\n<p id=\"E358\">La llana \u00e9s una fibra natural amb capacitat termoreguladora, capa\u00e7 d\u2019oferir un abric confortable i equilibrat. Qui s\u2019embolcalla en una manta de llana gaudeix d\u2019una sensaci\u00f3 immediata de benestar. El cos es relaxa, el descans millora i el temps a casa es torna m\u00e9s plaent.<\/p>\n\n\n\n<p id=\"E360\"><strong>Una elecci\u00f3 conscient i sostenible<\/strong><\/p>\n\n\n\n<p id=\"E362\">Regalar una manta de llana artesanal \u00e9s apostar per un producte sostenible. La llana \u00e9s una fibra natural, renovable i biodegradable, i els processos artesanals prioritzen la qualitat i el respecte pel medi ambient. \u00c9s una elecci\u00f3 responsable, pensada per cuidar tant les persones com l\u2019entorn.<\/p>\n\n\n\n<p id=\"E364\"><strong>Regalar calma i benestar en el dia a dia<\/strong><\/p>\n\n\n\n<p id=\"E366\">Enmig del ritme accelerat, una manta convida a aturar-se. A llegir sense presses, a gaudir del silenci o a allargar un moment de descans. Regalar una manta de llana \u00e9s regalar calma, equilibri i petits rituals de benestar a casa.<\/p>\n\n\n\n<p id=\"E368\"><strong>Un detall que sempre recorda a qui ho va regalar<\/strong><\/p>\n\n\n\n<p id=\"E370\">Una manta de llana artesanal \u00e9s un regal atemporal i universal. S\u2019adapta a qualsevol estil de decoraci\u00f3 i acompanya persones de totes les edats. Cada vegada que abriga i reconforta, desperta un record senzill i valu\u00f3s: alg\u00fa va pensar en mi. I aix\u00f2 \u00e9s el que la converteix en un regal realment especial.<\/p>\n\n\n\n<p><\/p>","protected":false},"excerpt":{"rendered":"<p>Elegir un regalo especial significa pensar en las emociones que despertar\u00e1 con el paso del tiempo. Es imaginar el instante en el que alguien se envuelve en \u00e9l, se relaja y convierte un momento cotidiano en una experiencia de bienestar. Hay obsequios que permanecen en la memoria porque se integran en la vida diaria y [&hellip;]<\/p>\n","protected":false},"author":100,"featured_media":5767,"comment_status":"closed","ping_status":"open","sticky":false,"template":"","format":"standard","meta":{"footnotes":""},"categories":[1],"tags":[],"class_list":["post-5765","post","type-post","status-publish","format-standard","has-post-thumbnail","hentry","category-blog"],"_links":{"self":[{"href":"https:\/\/artesaniamantasdelana.com\/ca\/wp-json\/wp\/v2\/posts\/5765","targetHints":{"allow":["GET"]}}],"collection":[{"href":"https:\/\/artesaniamantasdelana.com\/ca\/wp-json\/wp\/v2\/posts"}],"about":[{"href":"https:\/\/artesaniamantasdelana.com\/ca\/wp-json\/wp\/v2\/types\/post"}],"author":[{"embeddable":true,"href":"https:\/\/artesaniamantasdelana.com\/ca\/wp-json\/wp\/v2\/users\/100"}],"replies":[{"embeddable":true,"href":"https:\/\/artesaniamantasdelana.com\/ca\/wp-json\/wp\/v2\/comments?post=5765"}],"version-history":[{"count":1,"href":"https:\/\/artesaniamantasdelana.com\/ca\/wp-json\/wp\/v2\/posts\/5765\/revisions"}],"predecessor-version":[{"id":5768,"href":"https:\/\/artesaniamantasdelana.com\/ca\/wp-json\/wp\/v2\/posts\/5765\/revisions\/5768"}],"wp:featuredmedia":[{"embeddable":true,"href":"https:\/\/artesaniamantasdelana.com\/ca\/wp-json\/wp\/v2\/media\/5767"}],"wp:attachment":[{"href":"https:\/\/artesaniamantasdelana.com\/ca\/wp-json\/wp\/v2\/media?parent=5765"}],"wp:term":[{"taxonomy":"category","embeddable":true,"href":"https:\/\/artesaniamantasdelana.com\/ca\/wp-json\/wp\/v2\/categories?post=5765"},{"taxonomy":"post_tag","embeddable":true,"href":"https:\/\/artesaniamantasdelana.com\/ca\/wp-json\/wp\/v2\/tags?post=5765"}],"curies":[{"name":"wp","href":"https:\/\/api.w.org\/{rel}","templated":true}]}}